{"id":3044,"date":"2020-01-14T21:09:18","date_gmt":"2020-01-14T20:09:18","guid":{"rendered":"http:\/\/www.diasporafriends.de\/zzantje\/platz-nehmen-2019\/"},"modified":"2021-08-19T10:24:52","modified_gmt":"2021-08-19T08:24:52","slug":"platz-nehmen-2019","status":"publish","type":"post","link":"https:\/\/www.antjepfundtner.de\/en\/platz-nehmen-2019\/","title":{"rendered":"Platz nehmen (2019)"},"content":{"rendered":"\n<p><strong>World Premiere: November 22nd, 2019, Monologfestival Berlin<\/strong> <br><br>\u201ePlatz nehmen\u201c is an answer to this year\u2019s motif of the Monologfestival at the Theaterdiscounter Berlin: \u201eAlarmstufe Rot\u201c [red alert] was the motto for the 2019 festival edition. <br><br>March or blockade: Does an alarm cause people to stand up, or rather make them persevere in their seats?<br><br>Stage performers usually rise when the audience sits down to watch and listen to them. In her solo \u201ePlatz nehmen\u201c, the choreographer Antje Pfundtner prefers to stand up when she feels it is the right thing to do. Rising, creating space for yourself, taking action, testing an uprising: Who says that you have to stand up in order to find a voice? And, in contrast, what does it mean to stay seated?<br><br>On the occasion of the Monologfestival 2019, the Hamburg choreographer Antje Pfundtner arrived with a new version of the third part of her melancholic trilogy <a rel=\"noreferrer noopener\" href=\"https:\/\/www.antjepfundtner.de\/en\/sitzen-ist-eine-gute-idee\/\" target=\"_blank\">\u201eSitzen ist eine gute Idee\u201c<\/a>, in which she questions, defends, rejects, evokes and shares the choreographic and political potential for action in her audience. <br><br>Idea, concept &amp; production: Antje Pfundtner in Gesellschaft<br>Performance: Antje Pfundtner<br>Dramaturgy: Anne Kersting<br>Music: Nikolaus Woernle<br>Stage props: Irene P\u00e4tzug<br>Costumes: Yvonne Marcour<br>Production: Hannah Melder<br>Distribution: Jana L\u00fcthje<br><br>\u201ePlatz nehmen\u201c is a production by Antje Pfundtner in Gesellschaft in coproduction with the Monologfestival 2019\/ TD Berlin and has been created as a reaction to <a aria-label=\"\u201eSitzen ist eine gute Idee\u201c (opens in a new tab)\" rel=\"noreferrer noopener\" href=\"https:\/\/www.antjepfundtner.de\/en\/sitzen-ist-eine-gute-idee\/\" target=\"_blank\">\u201eSitzen ist eine gute Idee\u201c<\/a> (world premiere 23.10.2019, Kampnagel Hamburg)<\/p>\n\n\n\n<div class=\"wp-block-columns logospalte is-layout-flex wp-container-13 wp-block-columns-is-layout-flex\">\n<div class=\"wp-block-column is-layout-flow wp-block-column-is-layout-flow\">\n<div class=\"wp-block-columns is-layout-flex wp-container-3 wp-block-columns-is-layout-flex\">\n<div class=\"wp-block-column is-layout-flow wp-block-column-is-layout-flow\">\n<figure class=\"wp-block-image size-large\"><img decoding=\"async\" loading=\"lazy\" width=\"340\" height=\"240\" src=\"https:\/\/www.antjepfundtner.de\/wp-content\/uploads\/2021\/03\/td-logo-rot-wp.jpg\" alt=\"\" class=\"wp-image-4158\" srcset=\"https:\/\/www.antjepfundtner.de\/wp-content\/uploads\/2021\/03\/td-logo-rot-wp.jpg 340w, https:\/\/www.antjepfundtner.de\/wp-content\/uploads\/2021\/03\/td-logo-rot-wp-300x212.jpg 300w\" sizes=\"(max-width: 340px) 100vw, 340px\" \/><\/figure>\n<\/div>\n\n\n\n<div class=\"wp-block-column is-layout-flow wp-block-column-is-layout-flow\"><\/div>\n<\/div>\n<\/div>\n\n\n\n<div class=\"wp-block-column is-layout-flow wp-block-column-is-layout-flow\">\n<div class=\"wp-block-columns is-layout-flex wp-container-7 wp-block-columns-is-layout-flex\">\n<div class=\"wp-block-column is-layout-flow wp-block-column-is-layout-flow\"><\/div>\n\n\n\n<div class=\"wp-block-column is-layout-flow wp-block-column-is-layout-flow\"><\/div>\n<\/div>\n<\/div>\n\n\n\n<div class=\"wp-block-column is-layout-flow wp-block-column-is-layout-flow\">\n<div class=\"wp-block-columns is-layout-flex wp-container-11 wp-block-columns-is-layout-flex\">\n<div class=\"wp-block-column is-layout-flow wp-block-column-is-layout-flow\"><\/div>\n\n\n\n<div class=\"wp-block-column is-layout-flow wp-block-column-is-layout-flow\"><\/div>\n<\/div>\n<\/div>\n<\/div>\n\n\n\t\t<h2 class=\"apigueberschrift\">Videos<\/h2>\n\n\n\n<figure class=\"wp-block-embed is-type-video is-provider-vimeo wp-block-embed-vimeo wp-embed-aspect-16-9 wp-has-aspect-ratio\"><div class=\"wp-block-embed__wrapper\">\n <div class=\"brlbs-cmpnt-container brlbs-cmpnt-content-blocker brlbs-cmpnt-with-individual-styles\" data-borlabs-cookie-content-blocker-id=\"vimeo-content-blocker\" data-borlabs-cookie-content=\"PGlmcmFtZSB0aXRsZT0iQW50amUgUGZ1bmR0bmVyIGluIEdlc2VsbHNjaGFmdCAtIFBsYXR6IG5laG1lbiAoTGl2ZS1TdHJlYW0gb2huZSBQdWJsaWt1bSkiIHNyYz0iaHR0cHM6Ly9wbGF5ZXIudmltZW8uY29tL3ZpZGVvLzU4OTIyMjE5NT9kbnQ9MSZhbXA7YXBwX2lkPTEyMjk2MyZhbXA7aD1kM2Q5ODY4ZDRiIiB3aWR0aD0iNjQwIiBoZWlnaHQ9IjM2MCIgZnJhbWVib3JkZXI9IjAiIGFsbG93PSJhdXRvcGxheTsgZnVsbHNjcmVlbjsgcGljdHVyZS1pbi1waWN0dXJlIiBhbGxvd2Z1bGxzY3JlZW4+PC9pZnJhbWU+\"><div class=\"brlbs-cmpnt-cb-preset-c brlbs-cmpnt-cb-vimeo\"> <div class=\"brlbs-cmpnt-cb-thumbnail\" style=\"background-image: url('https:\/\/www.antjepfundtner.de\/wp-content\/uploads\/borlabs-cookie\/1\/vimeo_589222195.jpg')\"><\/div> <div class=\"brlbs-cmpnt-cb-main\"> <div class=\"brlbs-cmpnt-cb-play-button\"><\/div> <div class=\"brlbs-cmpnt-cb-content\"> <p class=\"brlbs-cmpnt-cb-description\">You are currently viewing a placeholder content from <strong>Vimeo<\/strong>. To access the actual content, click the button below. Please note that doing so will share data with third-party providers.<\/p> <a class=\"brlbs-cmpnt-cb-provider-toggle\" href=\"#\" data-borlabs-cookie-show-provider-information role=\"button\">More Information<\/a> <\/div> <div class=\"brlbs-cmpnt-cb-buttons\"> <a class=\"brlbs-cmpnt-cb-btn\" href=\"#\" data-borlabs-cookie-unblock role=\"button\">Unblock content<\/a> <a class=\"brlbs-cmpnt-cb-btn\" href=\"#\" data-borlabs-cookie-accept-service role=\"button\" style=\"display: inherit\">Accept required service and unblock content<\/a> <\/div> <\/div> <\/div><\/div>\n<\/div><\/figure>\n\n\n\n<figure class=\"wp-block-embed is-type-video is-provider-vimeo wp-block-embed-vimeo wp-embed-aspect-16-9 wp-has-aspect-ratio\"><div class=\"wp-block-embed__wrapper\">\n <div class=\"brlbs-cmpnt-container brlbs-cmpnt-content-blocker brlbs-cmpnt-with-individual-styles\" data-borlabs-cookie-content-blocker-id=\"vimeo-content-blocker\" data-borlabs-cookie-content=\"PGlmcmFtZSB0aXRsZT0iQW50amUgUGZ1bmR0bmVyIGluIEdlc2VsbHNjaGFmdCAtIFBsYXR6IG5laG1lbiIgc3JjPSJodHRwczovL3BsYXllci52aW1lby5jb20vdmlkZW8vMzc2MzM5MTExP2RudD0xJmFtcDthcHBfaWQ9MTIyOTYzIiB3aWR0aD0iNjQwIiBoZWlnaHQ9IjM2MCIgZnJhbWVib3JkZXI9IjAiIGFsbG93PSJhdXRvcGxheTsgZnVsbHNjcmVlbiIgYWxsb3dmdWxsc2NyZWVuPjwvaWZyYW1lPg==\"><div class=\"brlbs-cmpnt-cb-preset-c brlbs-cmpnt-cb-vimeo\"> <div class=\"brlbs-cmpnt-cb-thumbnail\" style=\"background-image: url('https:\/\/www.antjepfundtner.de\/wp-content\/uploads\/borlabs-cookie\/1\/vimeo_376339111.jpg')\"><\/div> <div class=\"brlbs-cmpnt-cb-main\"> <div class=\"brlbs-cmpnt-cb-play-button\"><\/div> <div class=\"brlbs-cmpnt-cb-content\"> <p class=\"brlbs-cmpnt-cb-description\">You are currently viewing a placeholder content from <strong>Vimeo<\/strong>. To access the actual content, click the button below. Please note that doing so will share data with third-party providers.<\/p> <a class=\"brlbs-cmpnt-cb-provider-toggle\" href=\"#\" data-borlabs-cookie-show-provider-information role=\"button\">More Information<\/a> <\/div> <div class=\"brlbs-cmpnt-cb-buttons\"> <a class=\"brlbs-cmpnt-cb-btn\" href=\"#\" data-borlabs-cookie-unblock role=\"button\">Unblock content<\/a> <a class=\"brlbs-cmpnt-cb-btn\" href=\"#\" data-borlabs-cookie-accept-service role=\"button\" style=\"display: inherit\">Accept required service and unblock content<\/a> <\/div> <\/div> <\/div><\/div>\n<\/div><\/figure>\n\n\n\n<figure class=\"wp-block-embed is-type-video is-provider-vimeo wp-block-embed-vimeo wp-embed-aspect-16-9 wp-has-aspect-ratio\"><div class=\"wp-block-embed__wrapper\">\n <div class=\"brlbs-cmpnt-container brlbs-cmpnt-content-blocker brlbs-cmpnt-with-individual-styles\" data-borlabs-cookie-content-blocker-id=\"vimeo-content-blocker\" data-borlabs-cookie-content=\"PGlmcmFtZSBzcmM9Imh0dHBzOi8vcGxheWVyLnZpbWVvLmNvbS92aWRlby8zNzc4NTQ4MDQ\/ZG50PTEmYW1wO2FwcF9pZD0xMjI5NjMiIHdpZHRoPSI2NDAiIGhlaWdodD0iMzYwIiBmcmFtZWJvcmRlcj0iMCIgYWxsb3c9ImF1dG9wbGF5OyBmdWxsc2NyZWVuIiBhbGxvd2Z1bGxzY3JlZW4+PC9pZnJhbWU+\"><div class=\"brlbs-cmpnt-cb-preset-c brlbs-cmpnt-cb-vimeo\"> <div class=\"brlbs-cmpnt-cb-thumbnail\" style=\"background-image: url('https:\/\/www.antjepfundtner.de\/wp-content\/uploads\/borlabs-cookie\/1\/vimeo_377854804.jpg')\"><\/div> <div class=\"brlbs-cmpnt-cb-main\"> <div class=\"brlbs-cmpnt-cb-play-button\"><\/div> <div class=\"brlbs-cmpnt-cb-content\"> <p class=\"brlbs-cmpnt-cb-description\">You are currently viewing a placeholder content from <strong>Vimeo<\/strong>. To access the actual content, click the button below. Please note that doing so will share data with third-party providers.<\/p> <a class=\"brlbs-cmpnt-cb-provider-toggle\" href=\"#\" data-borlabs-cookie-show-provider-information role=\"button\">More Information<\/a> <\/div> <div class=\"brlbs-cmpnt-cb-buttons\"> <a class=\"brlbs-cmpnt-cb-btn\" href=\"#\" data-borlabs-cookie-unblock role=\"button\">Unblock content<\/a> <a class=\"brlbs-cmpnt-cb-btn\" href=\"#\" data-borlabs-cookie-accept-service role=\"button\" style=\"display: inherit\">Accept required service and unblock content<\/a> <\/div> <\/div> <\/div><\/div>\n<\/div><\/figure>\n","protected":false},"excerpt":{"rendered":"<p>World Premiere: November 22nd, 2019, Monologfestival Berlin \u201ePlatz nehmen\u201c is an answer to this year\u2019s motif of the Monologfestival at the Theaterdiscounter Berlin: \u201eAlarmstufe Rot\u201c [red alert] was the motto for the 2019 festival edition. March or blockade: Does an alarm cause people to stand up, or rather make them persevere in their seats? Stage [&hellip;]<\/p>\n","protected":false},"author":2,"featured_media":0,"comment_status":"closed","ping_status":"closed","sticky":false,"template":"","format":"standard","meta":{"footnotes":""},"categories":[13],"tags":[],"acf":[],"yoast_head":"<!-- This site is optimized with the Yoast SEO plugin v21.4 - https:\/\/yoast.com\/wordpress\/plugins\/seo\/ -->\n<title>Platz nehmen (2019) | Antje Pfundtner in Gesellschaft<\/title>\n<meta name=\"robots\" content=\"index, follow, max-snippet:-1, max-image-preview:large, max-video-preview:-1\" \/>\n<link rel=\"canonical\" href=\"https:\/\/www.antjepfundtner.de\/en\/platz-nehmen-2019\/\" \/>\n<meta property=\"og:locale\" content=\"en_US\" \/>\n<meta property=\"og:type\" content=\"article\" \/>\n<meta property=\"og:title\" content=\"Platz nehmen (2019) | Antje Pfundtner in Gesellschaft\" \/>\n<meta property=\"og:description\" content=\"World Premiere: November 22nd, 2019, Monologfestival Berlin \u201ePlatz nehmen\u201c is an answer to this year\u2019s motif of the Monologfestival at the Theaterdiscounter Berlin: \u201eAlarmstufe Rot\u201c [red alert] was the motto for the 2019 festival edition. March or blockade: Does an alarm cause people to stand up, or rather make them persevere in their seats? Stage [&hellip;]\" \/>\n<meta property=\"og:url\" content=\"https:\/\/www.antjepfundtner.de\/en\/platz-nehmen-2019\/\" \/>\n<meta property=\"og:site_name\" content=\"Antje Pfundtner in Gesellschaft\" \/>\n<meta property=\"article:publisher\" content=\"https:\/\/de-de.facebook.com\/antje.pfundtner\" \/>\n<meta property=\"article:published_time\" content=\"2020-01-14T20:09:18+00:00\" \/>\n<meta property=\"article:modified_time\" content=\"2021-08-19T08:24:52+00:00\" \/>\n<meta property=\"og:image\" content=\"https:\/\/www.antjepfundtner.de\/wp-content\/uploads\/2021\/03\/td-logo-rot-wp.jpg\" \/>\n<meta name=\"author\" content=\"Hannah Melder\" \/>\n<meta name=\"twitter:card\" content=\"summary_large_image\" \/>\n<meta name=\"twitter:label1\" content=\"Written by\" \/>\n\t<meta name=\"twitter:data1\" content=\"Hannah Melder\" \/>\n\t<meta name=\"twitter:label2\" content=\"Est. reading time\" \/>\n\t<meta name=\"twitter:data2\" content=\"2 minutes\" \/>\n<script type=\"application\/ld+json\" class=\"yoast-schema-graph\">{\"@context\":\"https:\/\/schema.org\",\"@graph\":[{\"@type\":\"Article\",\"@id\":\"https:\/\/www.antjepfundtner.de\/en\/platz-nehmen-2019\/#article\",\"isPartOf\":{\"@id\":\"https:\/\/www.antjepfundtner.de\/en\/platz-nehmen-2019\/\"},\"author\":{\"name\":\"Hannah Melder\",\"@id\":\"https:\/\/www.antjepfundtner.de\/#\/schema\/person\/a2ce2cb0c0b995cd88833669f45a641d\"},\"headline\":\"Platz nehmen (2019)\",\"datePublished\":\"2020-01-14T20:09:18+00:00\",\"dateModified\":\"2021-08-19T08:24:52+00:00\",\"mainEntityOfPage\":{\"@id\":\"https:\/\/www.antjepfundtner.de\/en\/platz-nehmen-2019\/\"},\"wordCount\":243,\"publisher\":{\"@id\":\"https:\/\/www.antjepfundtner.de\/#organization\"},\"articleSection\":[\"Studio \/ Stage\"],\"inLanguage\":\"en-US\"},{\"@type\":\"WebPage\",\"@id\":\"https:\/\/www.antjepfundtner.de\/en\/platz-nehmen-2019\/\",\"url\":\"https:\/\/www.antjepfundtner.de\/en\/platz-nehmen-2019\/\",\"name\":\"Platz nehmen (2019) | Antje Pfundtner in Gesellschaft\",\"isPartOf\":{\"@id\":\"https:\/\/www.antjepfundtner.de\/#website\"},\"datePublished\":\"2020-01-14T20:09:18+00:00\",\"dateModified\":\"2021-08-19T08:24:52+00:00\",\"breadcrumb\":{\"@id\":\"https:\/\/www.antjepfundtner.de\/en\/platz-nehmen-2019\/#breadcrumb\"},\"inLanguage\":\"en-US\",\"potentialAction\":[{\"@type\":\"ReadAction\",\"target\":[\"https:\/\/www.antjepfundtner.de\/en\/platz-nehmen-2019\/\"]}]},{\"@type\":\"BreadcrumbList\",\"@id\":\"https:\/\/www.antjepfundtner.de\/en\/platz-nehmen-2019\/#breadcrumb\",\"itemListElement\":[{\"@type\":\"ListItem\",\"position\":1,\"name\":\"Startseite\",\"item\":\"https:\/\/www.antjepfundtner.de\/en\/\"},{\"@type\":\"ListItem\",\"position\":2,\"name\":\"Platz nehmen (2019)\"}]},{\"@type\":\"WebSite\",\"@id\":\"https:\/\/www.antjepfundtner.de\/#website\",\"url\":\"https:\/\/www.antjepfundtner.de\/\",\"name\":\"Antje Pfundtner in Gesellschaft\",\"description\":\"APiG produziert B\u00fchnenst\u00fccke und initiiert kollaborative R\u00e4ume\",\"publisher\":{\"@id\":\"https:\/\/www.antjepfundtner.de\/#organization\"},\"potentialAction\":[{\"@type\":\"SearchAction\",\"target\":{\"@type\":\"EntryPoint\",\"urlTemplate\":\"https:\/\/www.antjepfundtner.de\/?s={search_term_string}\"},\"query-input\":\"required name=search_term_string\"}],\"inLanguage\":\"en-US\"},{\"@type\":\"Organization\",\"@id\":\"https:\/\/www.antjepfundtner.de\/#organization\",\"name\":\"Antje Pfundtner in Gesellschaft\",\"url\":\"https:\/\/www.antjepfundtner.de\/\",\"logo\":{\"@type\":\"ImageObject\",\"inLanguage\":\"en-US\",\"@id\":\"https:\/\/www.antjepfundtner.de\/#\/schema\/logo\/image\/\",\"url\":\"https:\/\/www.antjepfundtner.de\/wp-content\/uploads\/2019\/11\/apig_logo.png\",\"contentUrl\":\"https:\/\/www.antjepfundtner.de\/wp-content\/uploads\/2019\/11\/apig_logo.png\",\"width\":600,\"height\":156,\"caption\":\"Antje Pfundtner in Gesellschaft\"},\"image\":{\"@id\":\"https:\/\/www.antjepfundtner.de\/#\/schema\/logo\/image\/\"},\"sameAs\":[\"https:\/\/de-de.facebook.com\/antje.pfundtner\"]},{\"@type\":\"Person\",\"@id\":\"https:\/\/www.antjepfundtner.de\/#\/schema\/person\/a2ce2cb0c0b995cd88833669f45a641d\",\"name\":\"Hannah Melder\",\"image\":{\"@type\":\"ImageObject\",\"inLanguage\":\"en-US\",\"@id\":\"https:\/\/www.antjepfundtner.de\/#\/schema\/person\/image\/\",\"url\":\"https:\/\/secure.gravatar.com\/avatar\/8497628cb970d5d855b5877ab93db916?s=96&d=mm&r=g\",\"contentUrl\":\"https:\/\/secure.gravatar.com\/avatar\/8497628cb970d5d855b5877ab93db916?s=96&d=mm&r=g\",\"caption\":\"Hannah Melder\"}}]}<\/script>\n<!-- \/ Yoast SEO plugin. -->","yoast_head_json":{"title":"Platz nehmen (2019) | Antje Pfundtner in Gesellschaft","robots":{"index":"index","follow":"follow","max-snippet":"max-snippet:-1","max-image-preview":"max-image-preview:large","max-video-preview":"max-video-preview:-1"},"canonical":"https:\/\/www.antjepfundtner.de\/en\/platz-nehmen-2019\/","og_locale":"en_US","og_type":"article","og_title":"Platz nehmen (2019) | Antje Pfundtner in Gesellschaft","og_description":"World Premiere: November 22nd, 2019, Monologfestival Berlin \u201ePlatz nehmen\u201c is an answer to this year\u2019s motif of the Monologfestival at the Theaterdiscounter Berlin: \u201eAlarmstufe Rot\u201c [red alert] was the motto for the 2019 festival edition. March or blockade: Does an alarm cause people to stand up, or rather make them persevere in their seats? Stage [&hellip;]","og_url":"https:\/\/www.antjepfundtner.de\/en\/platz-nehmen-2019\/","og_site_name":"Antje Pfundtner in Gesellschaft","article_publisher":"https:\/\/de-de.facebook.com\/antje.pfundtner","article_published_time":"2020-01-14T20:09:18+00:00","article_modified_time":"2021-08-19T08:24:52+00:00","og_image":[{"url":"https:\/\/www.antjepfundtner.de\/wp-content\/uploads\/2021\/03\/td-logo-rot-wp.jpg"}],"author":"Hannah Melder","twitter_card":"summary_large_image","twitter_misc":{"Written by":"Hannah Melder","Est. reading time":"2 minutes"},"schema":{"@context":"https:\/\/schema.org","@graph":[{"@type":"Article","@id":"https:\/\/www.antjepfundtner.de\/en\/platz-nehmen-2019\/#article","isPartOf":{"@id":"https:\/\/www.antjepfundtner.de\/en\/platz-nehmen-2019\/"},"author":{"name":"Hannah Melder","@id":"https:\/\/www.antjepfundtner.de\/#\/schema\/person\/a2ce2cb0c0b995cd88833669f45a641d"},"headline":"Platz nehmen (2019)","datePublished":"2020-01-14T20:09:18+00:00","dateModified":"2021-08-19T08:24:52+00:00","mainEntityOfPage":{"@id":"https:\/\/www.antjepfundtner.de\/en\/platz-nehmen-2019\/"},"wordCount":243,"publisher":{"@id":"https:\/\/www.antjepfundtner.de\/#organization"},"articleSection":["Studio \/ Stage"],"inLanguage":"en-US"},{"@type":"WebPage","@id":"https:\/\/www.antjepfundtner.de\/en\/platz-nehmen-2019\/","url":"https:\/\/www.antjepfundtner.de\/en\/platz-nehmen-2019\/","name":"Platz nehmen (2019) | Antje Pfundtner in Gesellschaft","isPartOf":{"@id":"https:\/\/www.antjepfundtner.de\/#website"},"datePublished":"2020-01-14T20:09:18+00:00","dateModified":"2021-08-19T08:24:52+00:00","breadcrumb":{"@id":"https:\/\/www.antjepfundtner.de\/en\/platz-nehmen-2019\/#breadcrumb"},"inLanguage":"en-US","potentialAction":[{"@type":"ReadAction","target":["https:\/\/www.antjepfundtner.de\/en\/platz-nehmen-2019\/"]}]},{"@type":"BreadcrumbList","@id":"https:\/\/www.antjepfundtner.de\/en\/platz-nehmen-2019\/#breadcrumb","itemListElement":[{"@type":"ListItem","position":1,"name":"Startseite","item":"https:\/\/www.antjepfundtner.de\/en\/"},{"@type":"ListItem","position":2,"name":"Platz nehmen (2019)"}]},{"@type":"WebSite","@id":"https:\/\/www.antjepfundtner.de\/#website","url":"https:\/\/www.antjepfundtner.de\/","name":"Antje Pfundtner in Gesellschaft","description":"APiG produziert B\u00fchnenst\u00fccke und initiiert kollaborative R\u00e4ume","publisher":{"@id":"https:\/\/www.antjepfundtner.de\/#organization"},"potentialAction":[{"@type":"SearchAction","target":{"@type":"EntryPoint","urlTemplate":"https:\/\/www.antjepfundtner.de\/?s={search_term_string}"},"query-input":"required name=search_term_string"}],"inLanguage":"en-US"},{"@type":"Organization","@id":"https:\/\/www.antjepfundtner.de\/#organization","name":"Antje Pfundtner in Gesellschaft","url":"https:\/\/www.antjepfundtner.de\/","logo":{"@type":"ImageObject","inLanguage":"en-US","@id":"https:\/\/www.antjepfundtner.de\/#\/schema\/logo\/image\/","url":"https:\/\/www.antjepfundtner.de\/wp-content\/uploads\/2019\/11\/apig_logo.png","contentUrl":"https:\/\/www.antjepfundtner.de\/wp-content\/uploads\/2019\/11\/apig_logo.png","width":600,"height":156,"caption":"Antje Pfundtner in Gesellschaft"},"image":{"@id":"https:\/\/www.antjepfundtner.de\/#\/schema\/logo\/image\/"},"sameAs":["https:\/\/de-de.facebook.com\/antje.pfundtner"]},{"@type":"Person","@id":"https:\/\/www.antjepfundtner.de\/#\/schema\/person\/a2ce2cb0c0b995cd88833669f45a641d","name":"Hannah Melder","image":{"@type":"ImageObject","inLanguage":"en-US","@id":"https:\/\/www.antjepfundtner.de\/#\/schema\/person\/image\/","url":"https:\/\/secure.gravatar.com\/avatar\/8497628cb970d5d855b5877ab93db916?s=96&d=mm&r=g","contentUrl":"https:\/\/secure.gravatar.com\/avatar\/8497628cb970d5d855b5877ab93db916?s=96&d=mm&r=g","caption":"Hannah Melder"}}]}},"_links":{"self":[{"href":"https:\/\/www.antjepfundtner.de\/en\/wp-json\/wp\/v2\/posts\/3044"}],"collection":[{"href":"https:\/\/www.antjepfundtner.de\/en\/wp-json\/wp\/v2\/posts"}],"about":[{"href":"https:\/\/www.antjepfundtner.de\/en\/wp-json\/wp\/v2\/types\/post"}],"author":[{"embeddable":true,"href":"https:\/\/www.antjepfundtner.de\/en\/wp-json\/wp\/v2\/users\/2"}],"replies":[{"embeddable":true,"href":"https:\/\/www.antjepfundtner.de\/en\/wp-json\/wp\/v2\/comments?post=3044"}],"version-history":[{"count":17,"href":"https:\/\/www.antjepfundtner.de\/en\/wp-json\/wp\/v2\/posts\/3044\/revisions"}],"predecessor-version":[{"id":4618,"href":"https:\/\/www.antjepfundtner.de\/en\/wp-json\/wp\/v2\/posts\/3044\/revisions\/4618"}],"wp:attachment":[{"href":"https:\/\/www.antjepfundtner.de\/en\/wp-json\/wp\/v2\/media?parent=3044"}],"wp:term":[{"taxonomy":"category","embeddable":true,"href":"https:\/\/www.antjepfundtner.de\/en\/wp-json\/wp\/v2\/categories?post=3044"},{"taxonomy":"post_tag","embeddable":true,"href":"https:\/\/www.antjepfundtner.de\/en\/wp-json\/wp\/v2\/tags?post=3044"}],"curies":[{"name":"wp","href":"https:\/\/api.w.org\/{rel}","templated":true}]}}