{"id":6301,"date":"2024-01-20T17:32:50","date_gmt":"2024-01-20T16:32:50","guid":{"rendered":"https:\/\/www.antjepfundtner.de\/?p=6301"},"modified":"2024-03-26T13:38:13","modified_gmt":"2024-03-26T12:38:13","slug":"panel-wen-kummerts-wers-sieht-24-02-2024-tanzplattform-deutschland-freiburg","status":"publish","type":"post","link":"https:\/\/www.antjepfundtner.de\/en\/panel-wen-kummerts-wers-sieht-24-02-2024-tanzplattform-deutschland-freiburg\/","title":{"rendered":"Panel \u201eWho cares who&#8217;s watching?\u201c, 24.02.2024, Tanzplattform Deutschland, Freiburg"},"content":{"rendered":"\n<p><strong>Tanzplattform Deutschland 2024<br><a href=\"https:\/\/tanzplattform2024.de\/en\/shows\/who-cares-who-sees-it-open-discussion\/\" target=\"_blank\" rel=\"noreferrer noopener\">February 24, 2024, 10:00 &#8211; 11:30 am, Peterhofkeller, Freiburg<\/a><\/strong><\/p>\n\n\n\n<p><strong>With the artists &amp; producers:<\/strong> Angela Alves, Jenny Beyer, Anna Kempin, Anne Kersting, Godlive Lawani, Sheena McGrandles, Hannah Melder, Antje Pfundtner, Line Rousseau, Rui Silveira, Stephanie Thiersch, Ursina Tossi, Charles Washington<br><strong>Moderator:<\/strong> Felizitas Stilleke<br><br>An event in the context of Kreativ-Transfer in cooperation with the Goethe-Institut, Antje Pfundtner in Gesellschaft and the dance professionals producing in Germany mentioned above. The initiative for the event was created within the exchange group on the subject of \u201cDistribution\u201d involving: Antje Pfundtner in Gesellschaft (Anne Kersting, Hannah Melder, Antje Pfundtner), Jenny Beyer, Josep Caballero Garcia, Fabrice Mazliah, Sheena McGrandles, Stephanie Thiersch, Ursina Tossi, Elke Weber and Katharina von Wilcke.<br><br>Together with Kreativ-Transfer, a support program of the Dachverband Tanz Deutschland, and the Goethe-Institut, dance creators explore the question of their work\u2019s visibility: What has to happen so that pieces don\u2019t disappear directly after being produced? More stages, more platforms, shared presentation or feature models? And who will take on the responsibility for remaining visible? And will an increased (international) visibility be reached simply via (international) guest performances and touring?<br><br>The necessity to produce contradicts the pledge of sustainability \u2013 this seems to be an assumed consensus. But how can sustainability function as a repeating and self-determined artistic practice? Can art creators position themselves with the dissemination of their products in the market by not leaving guest performance politics to the inviting institutions? What are future production and dissemination paths that originate from the art world, and how can the sustainable expectation of more touring, instead of constantly creating new works, be reconciled with the fact that there are not enough stages for everyone?<br><br>With the background of these burning questions about the guest performance situation in Germany, a group of dance makers offers an invitation to discuss the respective spheres of action for dance makers as well as federal grant and theater structures that are designed to create surplus production.<\/p>\n\n\n\n<p>An event in the context of Kreativ-Transfer, a support program from Dachverband Tanz Deutschland, supported by the Federal Government Commissioner for Culture and the Media. In cooperation with the Goethe-Institut and Antje Pfundtner in Gesellschaft, funded by TANZPAKT Stadt-Land-Bund with the support of the German Federal Government Commissioner for Culture and the Media.<\/p>\n\n\n\n<div class=\"wp-block-columns is-layout-flex wp-container-13 wp-block-columns-is-layout-flex\">\n<div class=\"wp-block-column is-layout-flow wp-block-column-is-layout-flow\">\n<div class=\"wp-block-columns is-layout-flex wp-container-3 wp-block-columns-is-layout-flex\">\n<div class=\"wp-block-column is-layout-flow wp-block-column-is-layout-flow\">\n<figure class=\"wp-block-image size-full is-resized\"><img decoding=\"async\" loading=\"lazy\" width=\"340\" height=\"340\" src=\"https:\/\/www.antjepfundtner.de\/wp-content\/uploads\/2024\/01\/kt-logo-wp.jpg\" alt=\"\" class=\"wp-image-6263\" style=\"aspect-ratio:1;width:116px;height:auto\" srcset=\"https:\/\/www.antjepfundtner.de\/wp-content\/uploads\/2024\/01\/kt-logo-wp.jpg 340w, https:\/\/www.antjepfundtner.de\/wp-content\/uploads\/2024\/01\/kt-logo-wp-300x300.jpg 300w, https:\/\/www.antjepfundtner.de\/wp-content\/uploads\/2024\/01\/kt-logo-wp-150x150.jpg 150w\" sizes=\"(max-width: 340px) 100vw, 340px\" \/><\/figure>\n<\/div>\n\n\n\n<div class=\"wp-block-column is-layout-flow wp-block-column-is-layout-flow\">\n<figure class=\"wp-block-image size-full is-resized\"><img decoding=\"async\" loading=\"lazy\" width=\"340\" height=\"240\" src=\"https:\/\/www.antjepfundtner.de\/wp-content\/uploads\/2020\/01\/tanzpakt-logo-wp.jpg\" alt=\"\" class=\"wp-image-2073\" style=\"aspect-ratio:1.4166666666666667;width:186px;height:auto\" srcset=\"https:\/\/www.antjepfundtner.de\/wp-content\/uploads\/2020\/01\/tanzpakt-logo-wp.jpg 340w, https:\/\/www.antjepfundtner.de\/wp-content\/uploads\/2020\/01\/tanzpakt-logo-wp-300x212.jpg 300w\" sizes=\"(max-width: 340px) 100vw, 340px\" \/><\/figure>\n<\/div>\n<\/div>\n<\/div>\n\n\n\n<div class=\"wp-block-column is-layout-flow wp-block-column-is-layout-flow\">\n<div class=\"wp-block-columns is-layout-flex wp-container-7 wp-block-columns-is-layout-flex\">\n<div class=\"wp-block-column is-layout-flow wp-block-column-is-layout-flow\">\n<figure class=\"wp-block-image size-full is-resized\"><img decoding=\"async\" loading=\"lazy\" width=\"340\" height=\"240\" src=\"https:\/\/www.antjepfundtner.de\/wp-content\/uploads\/2020\/01\/bkm-2017-office-de-wp.jpg\" alt=\"\" class=\"wp-image-2071\" style=\"aspect-ratio:1.4166666666666667;width:204px;height:auto\" srcset=\"https:\/\/www.antjepfundtner.de\/wp-content\/uploads\/2020\/01\/bkm-2017-office-de-wp.jpg 340w, https:\/\/www.antjepfundtner.de\/wp-content\/uploads\/2020\/01\/bkm-2017-office-de-wp-300x212.jpg 300w\" sizes=\"(max-width: 340px) 100vw, 340px\" \/><\/figure>\n<\/div>\n\n\n\n<div class=\"wp-block-column is-layout-flow wp-block-column-is-layout-flow\">\n<figure class=\"wp-block-image size-full is-resized\"><img decoding=\"async\" loading=\"lazy\" width=\"340\" height=\"340\" src=\"https:\/\/www.antjepfundtner.de\/wp-content\/uploads\/2024\/01\/gi-logo-claim-horizontal-green-wp.jpg\" alt=\"\" class=\"wp-image-6261\" style=\"aspect-ratio:1;width:128px;height:auto\" srcset=\"https:\/\/www.antjepfundtner.de\/wp-content\/uploads\/2024\/01\/gi-logo-claim-horizontal-green-wp.jpg 340w, https:\/\/www.antjepfundtner.de\/wp-content\/uploads\/2024\/01\/gi-logo-claim-horizontal-green-wp-300x300.jpg 300w, https:\/\/www.antjepfundtner.de\/wp-content\/uploads\/2024\/01\/gi-logo-claim-horizontal-green-wp-150x150.jpg 150w\" sizes=\"(max-width: 340px) 100vw, 340px\" \/><\/figure>\n<\/div>\n<\/div>\n<\/div>\n\n\n\n<div class=\"wp-block-column is-layout-flow wp-block-column-is-layout-flow\">\n<div class=\"wp-block-columns is-layout-flex wp-container-11 wp-block-columns-is-layout-flex\">\n<div class=\"wp-block-column is-layout-flow wp-block-column-is-layout-flow\">\n<figure class=\"wp-block-image size-full is-resized\"><img decoding=\"async\" loading=\"lazy\" width=\"340\" height=\"340\" src=\"https:\/\/www.antjepfundtner.de\/wp-content\/uploads\/2024\/01\/dtdlogodrgb-wp.jpg\" alt=\"\" class=\"wp-image-6259\" style=\"aspect-ratio:1;width:149px;height:auto\" srcset=\"https:\/\/www.antjepfundtner.de\/wp-content\/uploads\/2024\/01\/dtdlogodrgb-wp.jpg 340w, https:\/\/www.antjepfundtner.de\/wp-content\/uploads\/2024\/01\/dtdlogodrgb-wp-300x300.jpg 300w, https:\/\/www.antjepfundtner.de\/wp-content\/uploads\/2024\/01\/dtdlogodrgb-wp-150x150.jpg 150w\" sizes=\"(max-width: 340px) 100vw, 340px\" \/><\/figure>\n<\/div>\n\n\n\n<div class=\"wp-block-column is-layout-flow wp-block-column-is-layout-flow\"><\/div>\n<\/div>\n<\/div>\n<\/div>\n\n\n<section class=\"apiggalerie\">\t\n\t\n\t\t\t\t\t\t<h2>Photos<\/h2>\n\t\t\t\t\n\t\t<div class=\"owl-carousel\">\n\t\t\n\t\t\t\t\t\t\t\t    \t\t    \n\t\t    \t\t    <div class=\"row small-up-1 medium-up-3\">\n\t\t    \t\t    \n\t\t        \t\t        <a class=\"column column-block\" rel=\"apiggalerie1083687916\" href=\"https:\/\/www.antjepfundtner.de\/wp-content\/uploads\/2024\/03\/tantplattform24-24feb-doradzillo-7264web-overlay-wp.jpg\">\n\t\t\t\t    \t\t\t        <img decoding=\"async\" src=\"https:\/\/www.antjepfundtner.de\/wp-content\/uploads\/2024\/03\/tantplattform24-24feb-doradzillo-7264web-kachel-wp.jpg\" alt=\"\" \/>\n\t\t        <\/a>\n\t\t    \n\t\t    \t\t    \n\t\t    \t\t    \t\t    \n\t\t    \t\t    \n\t\t        \t\t        <a class=\"column column-block\" rel=\"apiggalerie1083687916\" href=\"https:\/\/www.antjepfundtner.de\/wp-content\/uploads\/2024\/03\/tantplattform24-24feb-doradzillo-7289web-overlay-wp-1.jpg\">\n\t\t\t\t    \t\t\t        <img decoding=\"async\" src=\"https:\/\/www.antjepfundtner.de\/wp-content\/uploads\/2024\/03\/tantplattform24-24feb-doradzillo-7289web-kachel-wp.jpg\" alt=\"\" \/>\n\t\t        <\/a>\n\t\t    \n\t\t    \t\t    \n\t\t    \t\t    \t\t    \n\t\t    \t\t    \n\t\t        \t\t        <a class=\"column column-block\" rel=\"apiggalerie1083687916\" href=\"https:\/\/www.antjepfundtner.de\/wp-content\/uploads\/2024\/03\/tantplattform24-24feb-doradzillo-7293web-overlay-wp.jpg\">\n\t\t\t\t    \t\t\t        <img decoding=\"async\" src=\"https:\/\/www.antjepfundtner.de\/wp-content\/uploads\/2024\/03\/tantplattform24-24feb-doradzillo-7293web-kachel-wp-1.jpg\" alt=\"\" \/>\n\t\t        <\/a>\n\t\t    \n\t\t    \t\t    \n\t\t    \t\t    \t\t    \n\t\t    \t\t    \n\t\t        \t\t        <a class=\"column column-block\" rel=\"apiggalerie1083687916\" href=\"https:\/\/www.antjepfundtner.de\/wp-content\/uploads\/2024\/03\/tantplattform24-24feb-doradzillo-15382web-overlay-wp.jpg\">\n\t\t\t\t    \t\t\t        <img decoding=\"async\" src=\"https:\/\/www.antjepfundtner.de\/wp-content\/uploads\/2024\/03\/tantplattform24-24feb-doradzillo-15382web-kachel-wp.jpg\" alt=\"\" \/>\n\t\t        <\/a>\n\t\t    \n\t\t    \t\t    \n\t\t    \t\t    \t\t    \n\t\t    \t\t    \n\t\t        \t\t        <a class=\"column column-block\" rel=\"apiggalerie1083687916\" href=\"https:\/\/www.antjepfundtner.de\/wp-content\/uploads\/2024\/03\/tantplattform24-24feb-doradzillo-15416web-overlay-wp.jpg\">\n\t\t\t\t    \t\t\t        <img decoding=\"async\" src=\"https:\/\/www.antjepfundtner.de\/wp-content\/uploads\/2024\/03\/tantplattform24-24feb-doradzillo-15416web-kachel-wp.jpg\" alt=\"\" \/>\n\t\t        <\/a>\n\t\t    \n\t\t    \t\t    \n\t\t    \t\t    \t\t    \n\t\t    \t\t    \n\t\t        \t\t        <a class=\"column column-block\" rel=\"apiggalerie1083687916\" href=\"https:\/\/www.antjepfundtner.de\/wp-content\/uploads\/2024\/03\/tantplattform24-24feb-doradzillo-15487web-overlay-wp.jpg\">\n\t\t\t\t    \t\t\t        <img decoding=\"async\" src=\"https:\/\/www.antjepfundtner.de\/wp-content\/uploads\/2024\/03\/tantplattform24-24feb-doradzillo-15487web-kachel-wp.jpg\" alt=\"\" \/>\n\t\t        <\/a>\n\t\t    \n\t\t    \t\t    \n\t\t    \t\t    \t\t    \n\t\t    \t\t    \n\t\t        \t\t        <a class=\"column column-block\" rel=\"apiggalerie1083687916\" href=\"https:\/\/www.antjepfundtner.de\/wp-content\/uploads\/2024\/03\/tantplattform24-24feb-doradzillo-15446web-overlay-wp.jpg\">\n\t\t\t\t    \t\t\t        <img decoding=\"async\" src=\"https:\/\/www.antjepfundtner.de\/wp-content\/uploads\/2024\/03\/tantplattform24-24feb-doradzillo-15446web-kachel-wp.jpg\" alt=\"\" \/>\n\t\t        <\/a>\n\t\t    \n\t\t    \t\t    \n\t\t    \t\t    \t\t    \n\t\t    \t\t    \n\t\t        \t\t        <a class=\"column column-block\" rel=\"apiggalerie1083687916\" href=\"https:\/\/www.antjepfundtner.de\/wp-content\/uploads\/2024\/03\/tantplattform24-24feb-doradzillo-15444web-overlay-wp.jpg\">\n\t\t\t\t    \t\t\t        <img decoding=\"async\" src=\"https:\/\/www.antjepfundtner.de\/wp-content\/uploads\/2024\/03\/tantplattform24-24feb-doradzillo-15444web-kachel-wp.jpg\" alt=\"\" \/>\n\t\t        <\/a>\n\t\t    \n\t\t    \t\t    \n\t\t    \t\t    \t\t    \n\t\t    \t\t    \n\t\t        \t\t        <a class=\"column column-block\" rel=\"apiggalerie1083687916\" href=\"https:\/\/www.antjepfundtner.de\/wp-content\/uploads\/2024\/03\/tantplattform24-24feb-doradzillo-15439web-overlay-wp.jpg\">\n\t\t\t\t    \t\t\t        <img decoding=\"async\" src=\"https:\/\/www.antjepfundtner.de\/wp-content\/uploads\/2024\/03\/tantplattform24-24feb-doradzillo-15439web-kachel-wp.jpg\" alt=\"\" \/>\n\t\t        <\/a>\n\t\t    \n\t\t        \n\t\t    <\/div>\n\t\t    \t\t    \n\t\t    \t\t    \t\t    \n\t\t    \t\t    <div class=\"row small-up-1 medium-up-3\">\n\t\t    \t\t    \n\t\t        \t\t        <a class=\"column column-block\" rel=\"apiggalerie1083687916\" href=\"https:\/\/www.antjepfundtner.de\/wp-content\/uploads\/2024\/03\/tantplattform24-24feb-doradzillo-15441web-overlay-wp.jpg\">\n\t\t\t\t    \t\t\t        <img decoding=\"async\" src=\"https:\/\/www.antjepfundtner.de\/wp-content\/uploads\/2024\/03\/tantplattform24-24feb-doradzillo-15441web-kachel-wp.jpg\" alt=\"\" \/>\n\t\t        <\/a>\n\t\t    \n\t\t    \t\t    \n\t\t    \t\t    \t\t    \n\t\t    \t\t    \n\t\t        \t\t        <a class=\"column column-block\" rel=\"apiggalerie1083687916\" href=\"https:\/\/www.antjepfundtner.de\/wp-content\/uploads\/2024\/03\/tantplattform24-24feb-doradzillo-15431web-overlay-wp.jpg\">\n\t\t\t\t    \t\t\t        <img decoding=\"async\" src=\"https:\/\/www.antjepfundtner.de\/wp-content\/uploads\/2024\/03\/tantplattform24-24feb-doradzillo-15431web-kachel-wp.jpg\" alt=\"\" \/>\n\t\t        <\/a>\n\t\t    \n\t\t    \t\t    \n\t\t    \t\t    \t\t    \n\t\t    \t\t    \n\t\t        \t\t        <a class=\"column column-block\" rel=\"apiggalerie1083687916\" href=\"https:\/\/www.antjepfundtner.de\/wp-content\/uploads\/2024\/03\/tantplattform24-24feb-doradzillo-15423web-overlay-wp.jpg\">\n\t\t\t\t    \t\t\t        <img decoding=\"async\" src=\"https:\/\/www.antjepfundtner.de\/wp-content\/uploads\/2024\/03\/tantplattform24-24feb-doradzillo-15423web-kachel-wp.jpg\" alt=\"\" \/>\n\t\t        <\/a>\n\t\t    \n\t\t    \t\t    \n\t\t    \t\t    \t\t    \n\t\t    \t\t    \n\t\t        \t\t        <a class=\"column column-block\" rel=\"apiggalerie1083687916\" href=\"https:\/\/www.antjepfundtner.de\/wp-content\/uploads\/2024\/03\/tantplattform24-24feb-doradzillo-15389web-overlay-wp.jpg\">\n\t\t\t\t    \t\t\t        <img decoding=\"async\" src=\"https:\/\/www.antjepfundtner.de\/wp-content\/uploads\/2024\/03\/tantplattform24-24feb-doradzillo-15389web-kachel-wp.jpg\" alt=\"\" \/>\n\t\t        <\/a>\n\t\t    \n\t\t    \t\t    \n\t\t    \t\t    \t\t    \n\t\t    \t\t    \n\t\t        \t\t        <a class=\"column column-block\" rel=\"apiggalerie1083687916\" href=\"https:\/\/www.antjepfundtner.de\/wp-content\/uploads\/2024\/03\/tantplattform24-24feb-doradzillo-15383web-overlay-wp.jpg\">\n\t\t\t\t    \t\t\t        <img decoding=\"async\" src=\"https:\/\/www.antjepfundtner.de\/wp-content\/uploads\/2024\/03\/tantplattform24-24feb-doradzillo-15383web-kachel-wp.jpg\" alt=\"\" \/>\n\t\t        <\/a>\n\t\t    \n\t\t    \t\t    \n\t\t    \t\t    \t\t    \n\t\t    \t\t    \n\t\t        \t\t        <a class=\"column column-block\" rel=\"apiggalerie1083687916\" href=\"https:\/\/www.antjepfundtner.de\/wp-content\/uploads\/2024\/03\/tantplattform24-24feb-doradzillo-15414web-overlay-wp.jpg\">\n\t\t\t\t    \t\t\t        <img decoding=\"async\" src=\"https:\/\/www.antjepfundtner.de\/wp-content\/uploads\/2024\/03\/tantplattform24-24feb-doradzillo-15414web-kachel-wp.jpg\" alt=\"\" \/>\n\t\t        <\/a>\n\t\t    \n\t\t    \t\t    \n\t\t    \t\t    \t\t    \n\t\t    \t\t    \n\t\t        \t\t        <a class=\"column column-block\" rel=\"apiggalerie1083687916\" href=\"https:\/\/www.antjepfundtner.de\/wp-content\/uploads\/2024\/03\/tantplattform24-24feb-doradzillo-15403web-kachel-wp.jpg\">\n\t\t\t\t    \t\t\t        <img decoding=\"async\" src=\"https:\/\/www.antjepfundtner.de\/wp-content\/uploads\/2024\/03\/tantplattform24-24feb-doradzillo-15403web-kachel-wp.jpg\" alt=\"\" \/>\n\t\t        <\/a>\n\t\t    \n\t\t    \t\t    \n\t\t    \t\t    \t\t    \n\t\t    \t\t    \n\t\t        \t\t        <a class=\"column column-block\" rel=\"apiggalerie1083687916\" href=\"https:\/\/www.antjepfundtner.de\/wp-content\/uploads\/2024\/03\/tantplattform24-24feb-doradzillo-15483web-overlay-wp.jpg\">\n\t\t\t\t    \t\t\t        <img decoding=\"async\" src=\"https:\/\/www.antjepfundtner.de\/wp-content\/uploads\/2024\/03\/tantplattform24-24feb-doradzillo-15483web-kachel-wp.jpg\" alt=\"\" \/>\n\t\t        <\/a>\n\t\t    \n\t\t    \t\t    \n\t\t    \t\t    \t\t    \n\t\t    \t\t    \n\t\t        \t\t        <a class=\"column column-block\" rel=\"apiggalerie1083687916\" href=\"https:\/\/www.antjepfundtner.de\/wp-content\/uploads\/2024\/03\/tantplattform24-24feb-doradzillo-15386web-overlay-wp.jpg\">\n\t\t\t\t    \t\t\t        <img decoding=\"async\" src=\"https:\/\/www.antjepfundtner.de\/wp-content\/uploads\/2024\/03\/tantplattform24-24feb-doradzillo-15386web-kachel-wp.jpg\" alt=\"\" \/>\n\t\t        <\/a>\n\t\t    \n\t\t        \n\t\t    <\/div>\n\t\t    \t\t    \n\t\t    \t\t    \t\t    \n\t\t    \t\t    <div class=\"row small-up-1 medium-up-3\">\n\t\t    \t\t    \n\t\t        \t\t        <a class=\"column column-block\" rel=\"apiggalerie1083687916\" href=\"https:\/\/www.antjepfundtner.de\/wp-content\/uploads\/2024\/03\/tantplattform24-24feb-doradzillo-15383web-overlay-wp.jpg\">\n\t\t\t\t    \t\t\t        <img decoding=\"async\" src=\"https:\/\/www.antjepfundtner.de\/wp-content\/uploads\/2024\/03\/tantplattform24-24feb-doradzillo-15418web-kachel-wp.jpg\" alt=\"\" \/>\n\t\t        <\/a>\n\t\t    \n\t\t    \t\t    \n\t\t    \t\t    \t\t\t\n\t\t\t\t\t\t    \n\t\t    <\/div>\n\t\t    \t\t\t\n\t\t<\/div>\n\t\t\n\t\t\t\t\t<p class=\"apiggalcredits\">Photos: Marc Doradzillo<\/p>\n\t\t\t\t\n<\/section>\n\n\t\t<h2 class=\"apigueberschrift\">Press<\/h2>\n\n\n\n<p><em>&#8220;&#8216;Who cares who&#8217;s watching!&#8217; is the question that some of the festival participants will deal with on Saturday morning.<\/em> <em>In an open discussion round, structural problems regarding the visibility, distribution and circulation of the work of dance professionals in Germany will be addressed.<\/em> <em>The focus will be on demands on artists that go far beyond the actual artistic process, premiere pressure and the difficulties of revivals and touring, inefficiency within funding structures and the need for reliable long-term collaborations.<\/em> <em>The interest in this event is great, the Peterhofkeller is full.<\/em> <em>It shows the necessity of this format and certainly also that there have been too few of them in Germany to date.<\/em> <em>As a starting point for the discussion, the introductory round referredto a study by Onda France (<a href=\"http:\/\/www.onda.fr\" target=\"_blank\" rel=\"noreferrer noopener\">www.onda.fr<\/a>), according to which half of all plays produced in France are only shown once or twice<\/em>. <em>According to general experience, the situation seems to be similar in Germany.<\/em><br><em>It is an emotional discussion, not only when broader topics such as the demobilization of local art scenes by touring Western companies are addressed.<\/em> <em>You can sense how much pressure, frustration and existential hardship this entails for those involved.<\/em> <em>Sobering, as always at this point, is the reference to the distribution of funding in Germany, where the lion&#8217;s share goes to the municipal theaters, leaving only a relatively small pot for independent production centers, festivals and freelancers.<\/em><br><em>In view of this year&#8217;s dance platform, which is atypically being hosted by Freiburg&#8217;s municipal theater, the question arises, for example, of how Theater Freiburg could also strengthen the local dance scene by cooperating with local dance professionals.<\/em><br><em>There are many questions in this round, but they cannot &#8211; of course &#8211; be answered here.<\/em> <em>What remains is a call for communication and a kind of final appeal to finally put an end to the widespread misconception that artists have to tackle these problems alone.<\/em> <em>&#8216;Nobody can!'&#8221;<\/em> Rachel Oidtmann\/ <a href=\"https:\/\/tanzplattform2024.de\/tanzschreibertpd24\/\">tanzschreiber@TPD24<\/a> (a cooperation between Tanzb\u00fcro Berlin and Tanzplattform Deutschland 2024)<br>Translated with DeepL.com (free version)<\/p>\n","protected":false},"excerpt":{"rendered":"<p>Tanzplattform Deutschland 2024February 24, 2024, 10:00 &#8211; 11:30 am, Peterhofkeller, Freiburg With the artists &amp; producers: Angela Alves, Jenny Beyer, Anna Kempin, Anne Kersting, Godlive Lawani, Sheena McGrandles, Hannah Melder, Antje Pfundtner, Line Rousseau, Rui Silveira, Stephanie Thiersch, Ursina Tossi, Charles WashingtonModerator: Felizitas Stilleke An event in the context of Kreativ-Transfer in cooperation with the [&hellip;]<\/p>\n","protected":false},"author":2,"featured_media":0,"comment_status":"closed","ping_status":"closed","sticky":false,"template":"","format":"standard","meta":{"footnotes":""},"categories":[14,12],"tags":[],"acf":[],"yoast_head":"<!-- This site is optimized with the Yoast SEO plugin v21.4 - https:\/\/yoast.com\/wordpress\/plugins\/seo\/ -->\n<title>Panel \u201eWho cares who&#039;s watching?\u201c, 24.02.2024, Tanzplattform Deutschland, Freiburg | Antje Pfundtner in Gesellschaft<\/title>\n<meta name=\"robots\" content=\"index, follow, max-snippet:-1, max-image-preview:large, max-video-preview:-1\" \/>\n<link rel=\"canonical\" href=\"https:\/\/www.antjepfundtner.de\/en\/panel-wen-kummerts-wers-sieht-24-02-2024-tanzplattform-deutschland-freiburg\/\" \/>\n<meta property=\"og:locale\" content=\"en_US\" \/>\n<meta property=\"og:type\" content=\"article\" \/>\n<meta property=\"og:title\" content=\"Panel \u201eWho cares who&#039;s watching?\u201c, 24.02.2024, Tanzplattform Deutschland, Freiburg | Antje Pfundtner in Gesellschaft\" \/>\n<meta property=\"og:description\" content=\"Tanzplattform Deutschland 2024February 24, 2024, 10:00 &#8211; 11:30 am, Peterhofkeller, Freiburg With the artists &amp; producers: Angela Alves, Jenny Beyer, Anna Kempin, Anne Kersting, Godlive Lawani, Sheena McGrandles, Hannah Melder, Antje Pfundtner, Line Rousseau, Rui Silveira, Stephanie Thiersch, Ursina Tossi, Charles WashingtonModerator: Felizitas Stilleke An event in the context of Kreativ-Transfer in cooperation with the [&hellip;]\" \/>\n<meta property=\"og:url\" content=\"https:\/\/www.antjepfundtner.de\/en\/panel-wen-kummerts-wers-sieht-24-02-2024-tanzplattform-deutschland-freiburg\/\" \/>\n<meta property=\"og:site_name\" content=\"Antje Pfundtner in Gesellschaft\" \/>\n<meta property=\"article:publisher\" content=\"https:\/\/de-de.facebook.com\/antje.pfundtner\" \/>\n<meta property=\"article:published_time\" content=\"2024-01-20T16:32:50+00:00\" \/>\n<meta property=\"article:modified_time\" content=\"2024-03-26T12:38:13+00:00\" \/>\n<meta property=\"og:image\" content=\"https:\/\/www.antjepfundtner.de\/wp-content\/uploads\/2024\/01\/kt-logo-wp.jpg\" \/>\n<meta name=\"author\" content=\"Hannah Melder\" \/>\n<meta name=\"twitter:card\" content=\"summary_large_image\" \/>\n<meta name=\"twitter:label1\" content=\"Written by\" \/>\n\t<meta name=\"twitter:data1\" content=\"Hannah Melder\" \/>\n\t<meta name=\"twitter:label2\" content=\"Est. reading time\" \/>\n\t<meta name=\"twitter:data2\" content=\"5 minutes\" \/>\n<script type=\"application\/ld+json\" class=\"yoast-schema-graph\">{\"@context\":\"https:\/\/schema.org\",\"@graph\":[{\"@type\":\"Article\",\"@id\":\"https:\/\/www.antjepfundtner.de\/en\/panel-wen-kummerts-wers-sieht-24-02-2024-tanzplattform-deutschland-freiburg\/#article\",\"isPartOf\":{\"@id\":\"https:\/\/www.antjepfundtner.de\/en\/panel-wen-kummerts-wers-sieht-24-02-2024-tanzplattform-deutschland-freiburg\/\"},\"author\":{\"name\":\"Hannah Melder\",\"@id\":\"https:\/\/www.antjepfundtner.de\/#\/schema\/person\/a2ce2cb0c0b995cd88833669f45a641d\"},\"headline\":\"Panel \u201eWho cares who&#8217;s watching?\u201c, 24.02.2024, Tanzplattform Deutschland, Freiburg\",\"datePublished\":\"2024-01-20T16:32:50+00:00\",\"dateModified\":\"2024-03-26T12:38:13+00:00\",\"mainEntityOfPage\":{\"@id\":\"https:\/\/www.antjepfundtner.de\/en\/panel-wen-kummerts-wers-sieht-24-02-2024-tanzplattform-deutschland-freiburg\/\"},\"wordCount\":729,\"publisher\":{\"@id\":\"https:\/\/www.antjepfundtner.de\/#organization\"},\"articleSection\":[\"Exchange \/ Discourse\",\"What&#039;s up?\"],\"inLanguage\":\"en-US\"},{\"@type\":\"WebPage\",\"@id\":\"https:\/\/www.antjepfundtner.de\/en\/panel-wen-kummerts-wers-sieht-24-02-2024-tanzplattform-deutschland-freiburg\/\",\"url\":\"https:\/\/www.antjepfundtner.de\/en\/panel-wen-kummerts-wers-sieht-24-02-2024-tanzplattform-deutschland-freiburg\/\",\"name\":\"Panel \u201eWho cares who's watching?\u201c, 24.02.2024, Tanzplattform Deutschland, Freiburg | Antje Pfundtner in Gesellschaft\",\"isPartOf\":{\"@id\":\"https:\/\/www.antjepfundtner.de\/#website\"},\"datePublished\":\"2024-01-20T16:32:50+00:00\",\"dateModified\":\"2024-03-26T12:38:13+00:00\",\"breadcrumb\":{\"@id\":\"https:\/\/www.antjepfundtner.de\/en\/panel-wen-kummerts-wers-sieht-24-02-2024-tanzplattform-deutschland-freiburg\/#breadcrumb\"},\"inLanguage\":\"en-US\",\"potentialAction\":[{\"@type\":\"ReadAction\",\"target\":[\"https:\/\/www.antjepfundtner.de\/en\/panel-wen-kummerts-wers-sieht-24-02-2024-tanzplattform-deutschland-freiburg\/\"]}]},{\"@type\":\"BreadcrumbList\",\"@id\":\"https:\/\/www.antjepfundtner.de\/en\/panel-wen-kummerts-wers-sieht-24-02-2024-tanzplattform-deutschland-freiburg\/#breadcrumb\",\"itemListElement\":[{\"@type\":\"ListItem\",\"position\":1,\"name\":\"Startseite\",\"item\":\"https:\/\/www.antjepfundtner.de\/en\/\"},{\"@type\":\"ListItem\",\"position\":2,\"name\":\"Panel \u201eWho cares who&#8217;s watching?\u201c, 24.02.2024, Tanzplattform Deutschland, Freiburg\"}]},{\"@type\":\"WebSite\",\"@id\":\"https:\/\/www.antjepfundtner.de\/#website\",\"url\":\"https:\/\/www.antjepfundtner.de\/\",\"name\":\"Antje Pfundtner in Gesellschaft\",\"description\":\"APiG produziert B\u00fchnenst\u00fccke und initiiert kollaborative R\u00e4ume\",\"publisher\":{\"@id\":\"https:\/\/www.antjepfundtner.de\/#organization\"},\"potentialAction\":[{\"@type\":\"SearchAction\",\"target\":{\"@type\":\"EntryPoint\",\"urlTemplate\":\"https:\/\/www.antjepfundtner.de\/?s={search_term_string}\"},\"query-input\":\"required name=search_term_string\"}],\"inLanguage\":\"en-US\"},{\"@type\":\"Organization\",\"@id\":\"https:\/\/www.antjepfundtner.de\/#organization\",\"name\":\"Antje Pfundtner in Gesellschaft\",\"url\":\"https:\/\/www.antjepfundtner.de\/\",\"logo\":{\"@type\":\"ImageObject\",\"inLanguage\":\"en-US\",\"@id\":\"https:\/\/www.antjepfundtner.de\/#\/schema\/logo\/image\/\",\"url\":\"https:\/\/www.antjepfundtner.de\/wp-content\/uploads\/2019\/11\/apig_logo.png\",\"contentUrl\":\"https:\/\/www.antjepfundtner.de\/wp-content\/uploads\/2019\/11\/apig_logo.png\",\"width\":600,\"height\":156,\"caption\":\"Antje Pfundtner in Gesellschaft\"},\"image\":{\"@id\":\"https:\/\/www.antjepfundtner.de\/#\/schema\/logo\/image\/\"},\"sameAs\":[\"https:\/\/de-de.facebook.com\/antje.pfundtner\"]},{\"@type\":\"Person\",\"@id\":\"https:\/\/www.antjepfundtner.de\/#\/schema\/person\/a2ce2cb0c0b995cd88833669f45a641d\",\"name\":\"Hannah Melder\",\"image\":{\"@type\":\"ImageObject\",\"inLanguage\":\"en-US\",\"@id\":\"https:\/\/www.antjepfundtner.de\/#\/schema\/person\/image\/\",\"url\":\"https:\/\/secure.gravatar.com\/avatar\/8497628cb970d5d855b5877ab93db916?s=96&d=mm&r=g\",\"contentUrl\":\"https:\/\/secure.gravatar.com\/avatar\/8497628cb970d5d855b5877ab93db916?s=96&d=mm&r=g\",\"caption\":\"Hannah Melder\"}}]}<\/script>\n<!-- \/ Yoast SEO plugin. -->","yoast_head_json":{"title":"Panel \u201eWho cares who's watching?\u201c, 24.02.2024, Tanzplattform Deutschland, Freiburg | Antje Pfundtner in Gesellschaft","robots":{"index":"index","follow":"follow","max-snippet":"max-snippet:-1","max-image-preview":"max-image-preview:large","max-video-preview":"max-video-preview:-1"},"canonical":"https:\/\/www.antjepfundtner.de\/en\/panel-wen-kummerts-wers-sieht-24-02-2024-tanzplattform-deutschland-freiburg\/","og_locale":"en_US","og_type":"article","og_title":"Panel \u201eWho cares who's watching?\u201c, 24.02.2024, Tanzplattform Deutschland, Freiburg | Antje Pfundtner in Gesellschaft","og_description":"Tanzplattform Deutschland 2024February 24, 2024, 10:00 &#8211; 11:30 am, Peterhofkeller, Freiburg With the artists &amp; producers: Angela Alves, Jenny Beyer, Anna Kempin, Anne Kersting, Godlive Lawani, Sheena McGrandles, Hannah Melder, Antje Pfundtner, Line Rousseau, Rui Silveira, Stephanie Thiersch, Ursina Tossi, Charles WashingtonModerator: Felizitas Stilleke An event in the context of Kreativ-Transfer in cooperation with the [&hellip;]","og_url":"https:\/\/www.antjepfundtner.de\/en\/panel-wen-kummerts-wers-sieht-24-02-2024-tanzplattform-deutschland-freiburg\/","og_site_name":"Antje Pfundtner in Gesellschaft","article_publisher":"https:\/\/de-de.facebook.com\/antje.pfundtner","article_published_time":"2024-01-20T16:32:50+00:00","article_modified_time":"2024-03-26T12:38:13+00:00","og_image":[{"url":"https:\/\/www.antjepfundtner.de\/wp-content\/uploads\/2024\/01\/kt-logo-wp.jpg"}],"author":"Hannah Melder","twitter_card":"summary_large_image","twitter_misc":{"Written by":"Hannah Melder","Est. reading time":"5 minutes"},"schema":{"@context":"https:\/\/schema.org","@graph":[{"@type":"Article","@id":"https:\/\/www.antjepfundtner.de\/en\/panel-wen-kummerts-wers-sieht-24-02-2024-tanzplattform-deutschland-freiburg\/#article","isPartOf":{"@id":"https:\/\/www.antjepfundtner.de\/en\/panel-wen-kummerts-wers-sieht-24-02-2024-tanzplattform-deutschland-freiburg\/"},"author":{"name":"Hannah Melder","@id":"https:\/\/www.antjepfundtner.de\/#\/schema\/person\/a2ce2cb0c0b995cd88833669f45a641d"},"headline":"Panel \u201eWho cares who&#8217;s watching?\u201c, 24.02.2024, Tanzplattform Deutschland, Freiburg","datePublished":"2024-01-20T16:32:50+00:00","dateModified":"2024-03-26T12:38:13+00:00","mainEntityOfPage":{"@id":"https:\/\/www.antjepfundtner.de\/en\/panel-wen-kummerts-wers-sieht-24-02-2024-tanzplattform-deutschland-freiburg\/"},"wordCount":729,"publisher":{"@id":"https:\/\/www.antjepfundtner.de\/#organization"},"articleSection":["Exchange \/ Discourse","What&#039;s up?"],"inLanguage":"en-US"},{"@type":"WebPage","@id":"https:\/\/www.antjepfundtner.de\/en\/panel-wen-kummerts-wers-sieht-24-02-2024-tanzplattform-deutschland-freiburg\/","url":"https:\/\/www.antjepfundtner.de\/en\/panel-wen-kummerts-wers-sieht-24-02-2024-tanzplattform-deutschland-freiburg\/","name":"Panel \u201eWho cares who's watching?\u201c, 24.02.2024, Tanzplattform Deutschland, Freiburg | Antje Pfundtner in Gesellschaft","isPartOf":{"@id":"https:\/\/www.antjepfundtner.de\/#website"},"datePublished":"2024-01-20T16:32:50+00:00","dateModified":"2024-03-26T12:38:13+00:00","breadcrumb":{"@id":"https:\/\/www.antjepfundtner.de\/en\/panel-wen-kummerts-wers-sieht-24-02-2024-tanzplattform-deutschland-freiburg\/#breadcrumb"},"inLanguage":"en-US","potentialAction":[{"@type":"ReadAction","target":["https:\/\/www.antjepfundtner.de\/en\/panel-wen-kummerts-wers-sieht-24-02-2024-tanzplattform-deutschland-freiburg\/"]}]},{"@type":"BreadcrumbList","@id":"https:\/\/www.antjepfundtner.de\/en\/panel-wen-kummerts-wers-sieht-24-02-2024-tanzplattform-deutschland-freiburg\/#breadcrumb","itemListElement":[{"@type":"ListItem","position":1,"name":"Startseite","item":"https:\/\/www.antjepfundtner.de\/en\/"},{"@type":"ListItem","position":2,"name":"Panel \u201eWho cares who&#8217;s watching?\u201c, 24.02.2024, Tanzplattform Deutschland, Freiburg"}]},{"@type":"WebSite","@id":"https:\/\/www.antjepfundtner.de\/#website","url":"https:\/\/www.antjepfundtner.de\/","name":"Antje Pfundtner in Gesellschaft","description":"APiG produziert B\u00fchnenst\u00fccke und initiiert kollaborative R\u00e4ume","publisher":{"@id":"https:\/\/www.antjepfundtner.de\/#organization"},"potentialAction":[{"@type":"SearchAction","target":{"@type":"EntryPoint","urlTemplate":"https:\/\/www.antjepfundtner.de\/?s={search_term_string}"},"query-input":"required name=search_term_string"}],"inLanguage":"en-US"},{"@type":"Organization","@id":"https:\/\/www.antjepfundtner.de\/#organization","name":"Antje Pfundtner in Gesellschaft","url":"https:\/\/www.antjepfundtner.de\/","logo":{"@type":"ImageObject","inLanguage":"en-US","@id":"https:\/\/www.antjepfundtner.de\/#\/schema\/logo\/image\/","url":"https:\/\/www.antjepfundtner.de\/wp-content\/uploads\/2019\/11\/apig_logo.png","contentUrl":"https:\/\/www.antjepfundtner.de\/wp-content\/uploads\/2019\/11\/apig_logo.png","width":600,"height":156,"caption":"Antje Pfundtner in Gesellschaft"},"image":{"@id":"https:\/\/www.antjepfundtner.de\/#\/schema\/logo\/image\/"},"sameAs":["https:\/\/de-de.facebook.com\/antje.pfundtner"]},{"@type":"Person","@id":"https:\/\/www.antjepfundtner.de\/#\/schema\/person\/a2ce2cb0c0b995cd88833669f45a641d","name":"Hannah Melder","image":{"@type":"ImageObject","inLanguage":"en-US","@id":"https:\/\/www.antjepfundtner.de\/#\/schema\/person\/image\/","url":"https:\/\/secure.gravatar.com\/avatar\/8497628cb970d5d855b5877ab93db916?s=96&d=mm&r=g","contentUrl":"https:\/\/secure.gravatar.com\/avatar\/8497628cb970d5d855b5877ab93db916?s=96&d=mm&r=g","caption":"Hannah Melder"}}]}},"_links":{"self":[{"href":"https:\/\/www.antjepfundtner.de\/en\/wp-json\/wp\/v2\/posts\/6301"}],"collection":[{"href":"https:\/\/www.antjepfundtner.de\/en\/wp-json\/wp\/v2\/posts"}],"about":[{"href":"https:\/\/www.antjepfundtner.de\/en\/wp-json\/wp\/v2\/types\/post"}],"author":[{"embeddable":true,"href":"https:\/\/www.antjepfundtner.de\/en\/wp-json\/wp\/v2\/users\/2"}],"replies":[{"embeddable":true,"href":"https:\/\/www.antjepfundtner.de\/en\/wp-json\/wp\/v2\/comments?post=6301"}],"version-history":[{"count":10,"href":"https:\/\/www.antjepfundtner.de\/en\/wp-json\/wp\/v2\/posts\/6301\/revisions"}],"predecessor-version":[{"id":6496,"href":"https:\/\/www.antjepfundtner.de\/en\/wp-json\/wp\/v2\/posts\/6301\/revisions\/6496"}],"wp:attachment":[{"href":"https:\/\/www.antjepfundtner.de\/en\/wp-json\/wp\/v2\/media?parent=6301"}],"wp:term":[{"taxonomy":"category","embeddable":true,"href":"https:\/\/www.antjepfundtner.de\/en\/wp-json\/wp\/v2\/categories?post=6301"},{"taxonomy":"post_tag","embeddable":true,"href":"https:\/\/www.antjepfundtner.de\/en\/wp-json\/wp\/v2\/tags?post=6301"}],"curies":[{"name":"wp","href":"https:\/\/api.w.org\/{rel}","templated":true}]}}