{"id":6661,"date":"2024-06-22T18:37:14","date_gmt":"2024-06-22T16:37:14","guid":{"rendered":"https:\/\/www.antjepfundtner.de\/?p=6661"},"modified":"2024-08-29T13:14:40","modified_gmt":"2024-08-29T11:14:40","slug":"tischgesellschaft-vom-horensagen-14-09-2024-kampnagel-hamburg","status":"publish","type":"post","link":"https:\/\/www.antjepfundtner.de\/en\/tischgesellschaft-vom-horensagen-14-09-2024-kampnagel-hamburg\/","title":{"rendered":"Tischgesellschaft &#8220;Vom H\u00f6rensagen&#8221;, 14.09.2024, Kampnagel Hamburg"},"content":{"rendered":"\n<p>Under the label <a href=\"https:\/\/www.antjepfundtner.de\/en\/tischgesellschaften\/\" target=\"_blank\" rel=\"noreferrer noopener\">&#8220;Tischgesellschaften&#8221;<\/a>, Antje Pfundtner and Anne Kersting founded an artistic gathering initiative in 2018 to share ideas, knowledge and resources and invited both artists and audiences across Germany to discuss the increasingly urgent question that affects far more than just art: How do we share ideas, money and stage? Since then, the Tischgesellschaften have served as a nationwide exchange of artistic, structural and economic ideas on sharing practices, with the aim of promoting the sustainable positioning and involvement of artists in cultural policy and discussing best-practice models of resource sharing with and for the public.<br><br>We never tire of the question of sharing and are organizing our last (publicly funded) Tischgesellschaft on Saturday, September 14.<br><br><strong>How does sharing inspire us when we look at it from the perspective of generosity? What is needed, where is it burning, what ideas can we pool together in order to spread them further at the same time? Our Tischgesellschaft &#8220;Vom H\u00f6rensagen&#8221; now invites all those who are interested in practices of generous utilization, sharing, redistribution and waste to think and experience sharing differently in and through various interventions and formats: Steps and touches will be passed on, money will be printed and we dare to look into the future \u2026<\/strong><br><br>And, to be a little more specific, we would like to share all of this with you on this day in and through various workshops and activities:<br><br>Dancer and choreographer Matthew Rogers will be generously handing out massages to those present.<br>Dresden filmmaker Barbara Lubich will present another part of her portrait series <a href=\"https:\/\/www.antjepfundtner.de\/en\/letzte-schritte-2019-performative-videoinstallation\/\" target=\"_blank\" rel=\"noreferrer noopener\">&#8220;Letzte Schritte&#8221;<\/a>, which she filmed together with Antje Pfundtner, this time with members of the Berlin dance ensemble DANCE ON &#8211; Antje Pfundtner will then pass on some of these last steps to the participants of the Tischgesellschaft.<br>Isaac Gordon and Obed Owusu from the musical leadership team of the CHOIR OF THE UNCIVILIZED VOICES, an intergenerational choir for people who are marked as different and marginalized in this society, will sing together with us.<br>Dr. Janosch Schobin, a sociologist specializing in the sociology of friendship, will raise the question of friendship as a community of responsibility. Alexandra Manske, also a sociologist and associated researcher at the University of Hamburg with a research focus on the transformation of work and society, in particular the sociology of cultural and creative work, will reflect with us on work practices of sharing. <br>The open Hamburg collective geheimagentur will bring along the money printing machine from their project &#8220;Kohle f\u00fcr alle!&#8221; and consider on the spot which of us could make good use of &#8220;new money&#8221;.<br><br>And for the audience of the Theaternacht, which takes place all over Hamburg on the same evening, we will open our doors for an hour at 8 p.m.: magic will be performed and compliments will be handed out. Hamburg magician and entertainer Manuel Muerte will dig deep into his bag of tricks and illustrator Lena H\u00e4llmayer and copywriter Doreen Grahl will put a smile on everyone&#8217;s face with their Kompliment-O-mat. We look forward to seeing you &#8211; and hey, you look great tonight!<br><br><strong>Saturday, September 14, 2024, 14:00-22:00, Kampnagel K4<br>Admission is free, registration is requested!<br>Further information can be found <a href=\"https:\/\/kampnagel.de\/en\/productions\/vom-hoerensagen-eine-tischgesellschaft\" target=\"_blank\" rel=\"noreferrer noopener\">here<\/a> <\/strong><br><strong>Registration is <a href=\"https:\/\/shop.jetticket.net\/Kampnagel\/SelectSeats?ret=2&amp;e=8813\" target=\"_blank\" rel=\"noreferrer noopener\">here<\/a><\/strong><br><br>Idea &amp; concept: Antje Pfundtner in Gesellschaft<br>Artistic direction\/ curation: Anne Kersting and Antje Pfundtner<br>With: Antje Pfundtner in Gesellschaft, geheimagentur, Isaac Gordon and Obed Owusu (CHOIR OF THE UNCIVILIZED VOICES), Doreen Grahl and Lena H\u00e4llmayer (Kompliment-O-mat), Barbara Lubich, Dr. Alexandra Manske, Manuel Muerte, Matthew Rogers, Dr. Janosch Schobin<br>Coordination: Hannah Melder<br><br>A project by Antje Pfundtner in Gesellschaft in collaboration with Kampnagel Hamburg. Funded by TANZPAKT Stadt-Land-Bund with the support of the German Federal Government Commissioner for Culture and the Media and the Freie und Hansestadt Hamburg, Beh\u00f6rde f\u00fcr Kultur und Medien.<\/p>\n\n\n\n<div class=\"wp-block-columns is-layout-flex wp-container-13 wp-block-columns-is-layout-flex\">\n<div class=\"wp-block-column is-layout-flow wp-block-column-is-layout-flow\">\n<div class=\"wp-block-columns is-layout-flex wp-container-3 wp-block-columns-is-layout-flex\">\n<div class=\"wp-block-column is-layout-flow wp-block-column-is-layout-flow\">\n<figure class=\"wp-block-image size-full\"><img decoding=\"async\" loading=\"lazy\" width=\"340\" height=\"240\" src=\"https:\/\/www.antjepfundtner.de\/wp-content\/uploads\/2020\/01\/kampnagel-logo-wp-1.jpg\" alt=\"\" class=\"wp-image-2103\" srcset=\"https:\/\/www.antjepfundtner.de\/wp-content\/uploads\/2020\/01\/kampnagel-logo-wp-1.jpg 340w, https:\/\/www.antjepfundtner.de\/wp-content\/uploads\/2020\/01\/kampnagel-logo-wp-1-300x212.jpg 300w\" sizes=\"(max-width: 340px) 100vw, 340px\" \/><\/figure>\n<\/div>\n\n\n\n<div class=\"wp-block-column is-layout-flow wp-block-column-is-layout-flow\">\n<figure class=\"wp-block-image size-full\"><img decoding=\"async\" loading=\"lazy\" width=\"340\" height=\"240\" src=\"https:\/\/www.antjepfundtner.de\/wp-content\/uploads\/2020\/01\/tanzpakt-logo-wp.jpg\" alt=\"\" class=\"wp-image-2073\" srcset=\"https:\/\/www.antjepfundtner.de\/wp-content\/uploads\/2020\/01\/tanzpakt-logo-wp.jpg 340w, https:\/\/www.antjepfundtner.de\/wp-content\/uploads\/2020\/01\/tanzpakt-logo-wp-300x212.jpg 300w\" sizes=\"(max-width: 340px) 100vw, 340px\" \/><\/figure>\n<\/div>\n<\/div>\n<\/div>\n\n\n\n<div class=\"wp-block-column is-layout-flow wp-block-column-is-layout-flow\">\n<div class=\"wp-block-columns is-layout-flex wp-container-7 wp-block-columns-is-layout-flex\">\n<div class=\"wp-block-column is-layout-flow wp-block-column-is-layout-flow\">\n<figure class=\"wp-block-image size-full\"><img decoding=\"async\" loading=\"lazy\" width=\"340\" height=\"240\" src=\"https:\/\/www.antjepfundtner.de\/wp-content\/uploads\/2020\/01\/bkm-2017-office-de-wp.jpg\" alt=\"\" class=\"wp-image-2071\" srcset=\"https:\/\/www.antjepfundtner.de\/wp-content\/uploads\/2020\/01\/bkm-2017-office-de-wp.jpg 340w, https:\/\/www.antjepfundtner.de\/wp-content\/uploads\/2020\/01\/bkm-2017-office-de-wp-300x212.jpg 300w\" sizes=\"(max-width: 340px) 100vw, 340px\" \/><\/figure>\n<\/div>\n\n\n\n<div class=\"wp-block-column is-layout-flow wp-block-column-is-layout-flow\">\n<figure class=\"wp-block-image size-full\"><img decoding=\"async\" loading=\"lazy\" width=\"340\" height=\"240\" src=\"https:\/\/www.antjepfundtner.de\/wp-content\/uploads\/2020\/01\/behoerde-kum-sw-wp.jpg\" alt=\"\" class=\"wp-image-2079\" srcset=\"https:\/\/www.antjepfundtner.de\/wp-content\/uploads\/2020\/01\/behoerde-kum-sw-wp.jpg 340w, https:\/\/www.antjepfundtner.de\/wp-content\/uploads\/2020\/01\/behoerde-kum-sw-wp-300x212.jpg 300w\" sizes=\"(max-width: 340px) 100vw, 340px\" \/><\/figure>\n<\/div>\n<\/div>\n<\/div>\n\n\n\n<div class=\"wp-block-column is-layout-flow wp-block-column-is-layout-flow\">\n<div class=\"wp-block-columns is-layout-flex wp-container-11 wp-block-columns-is-layout-flex\">\n<div class=\"wp-block-column is-layout-flow wp-block-column-is-layout-flow\"><\/div>\n\n\n\n<div class=\"wp-block-column is-layout-flow wp-block-column-is-layout-flow\"><\/div>\n<\/div>\n<\/div>\n<\/div>\n","protected":false},"excerpt":{"rendered":"<p>Under the label &#8220;Tischgesellschaften&#8221;, Antje Pfundtner and Anne Kersting founded an artistic gathering initiative in 2018 to share ideas, knowledge and resources and invited both artists and audiences across Germany to discuss the increasingly urgent question that affects far more than just art: How do we share ideas, money and stage? Since then, the Tischgesellschaften [&hellip;]<\/p>\n","protected":false},"author":2,"featured_media":0,"comment_status":"closed","ping_status":"closed","sticky":false,"template":"","format":"standard","meta":{"footnotes":""},"categories":[14,12],"tags":[],"acf":[],"yoast_head":"<!-- This site is optimized with the Yoast SEO plugin v21.4 - https:\/\/yoast.com\/wordpress\/plugins\/seo\/ -->\n<title>Tischgesellschaft &quot;Vom H\u00f6rensagen&quot;, 14.09.2024, Kampnagel Hamburg | Antje Pfundtner in Gesellschaft<\/title>\n<meta name=\"robots\" content=\"index, follow, max-snippet:-1, max-image-preview:large, max-video-preview:-1\" \/>\n<link rel=\"canonical\" href=\"https:\/\/www.antjepfundtner.de\/en\/tischgesellschaft-vom-horensagen-14-09-2024-kampnagel-hamburg\/\" \/>\n<meta property=\"og:locale\" content=\"en_US\" \/>\n<meta property=\"og:type\" content=\"article\" \/>\n<meta property=\"og:title\" content=\"Tischgesellschaft &quot;Vom H\u00f6rensagen&quot;, 14.09.2024, Kampnagel Hamburg | Antje Pfundtner in Gesellschaft\" \/>\n<meta property=\"og:description\" content=\"Under the label &#8220;Tischgesellschaften&#8221;, Antje Pfundtner and Anne Kersting founded an artistic gathering initiative in 2018 to share ideas, knowledge and resources and invited both artists and audiences across Germany to discuss the increasingly urgent question that affects far more than just art: How do we share ideas, money and stage? Since then, the Tischgesellschaften [&hellip;]\" \/>\n<meta property=\"og:url\" content=\"https:\/\/www.antjepfundtner.de\/en\/tischgesellschaft-vom-horensagen-14-09-2024-kampnagel-hamburg\/\" \/>\n<meta property=\"og:site_name\" content=\"Antje Pfundtner in Gesellschaft\" \/>\n<meta property=\"article:publisher\" content=\"https:\/\/de-de.facebook.com\/antje.pfundtner\" \/>\n<meta property=\"article:published_time\" content=\"2024-06-22T16:37:14+00:00\" \/>\n<meta property=\"article:modified_time\" content=\"2024-08-29T11:14:40+00:00\" \/>\n<meta property=\"og:image\" content=\"https:\/\/www.antjepfundtner.de\/wp-content\/uploads\/2020\/01\/kampnagel-logo-wp-1.jpg\" \/>\n<meta name=\"author\" content=\"Hannah Melder\" \/>\n<meta name=\"twitter:card\" content=\"summary_large_image\" \/>\n<meta name=\"twitter:label1\" content=\"Written by\" \/>\n\t<meta name=\"twitter:data1\" content=\"Hannah Melder\" \/>\n\t<meta name=\"twitter:label2\" content=\"Est. reading time\" \/>\n\t<meta name=\"twitter:data2\" content=\"5 minutes\" \/>\n<script type=\"application\/ld+json\" class=\"yoast-schema-graph\">{\"@context\":\"https:\/\/schema.org\",\"@graph\":[{\"@type\":\"Article\",\"@id\":\"https:\/\/www.antjepfundtner.de\/en\/tischgesellschaft-vom-horensagen-14-09-2024-kampnagel-hamburg\/#article\",\"isPartOf\":{\"@id\":\"https:\/\/www.antjepfundtner.de\/en\/tischgesellschaft-vom-horensagen-14-09-2024-kampnagel-hamburg\/\"},\"author\":{\"name\":\"Hannah Melder\",\"@id\":\"https:\/\/www.antjepfundtner.de\/#\/schema\/person\/a2ce2cb0c0b995cd88833669f45a641d\"},\"headline\":\"Tischgesellschaft &#8220;Vom H\u00f6rensagen&#8221;, 14.09.2024, Kampnagel Hamburg\",\"datePublished\":\"2024-06-22T16:37:14+00:00\",\"dateModified\":\"2024-08-29T11:14:40+00:00\",\"mainEntityOfPage\":{\"@id\":\"https:\/\/www.antjepfundtner.de\/en\/tischgesellschaft-vom-horensagen-14-09-2024-kampnagel-hamburg\/\"},\"wordCount\":635,\"publisher\":{\"@id\":\"https:\/\/www.antjepfundtner.de\/#organization\"},\"articleSection\":[\"Exchange \/ Discourse\",\"What&#039;s up?\"],\"inLanguage\":\"en-US\"},{\"@type\":\"WebPage\",\"@id\":\"https:\/\/www.antjepfundtner.de\/en\/tischgesellschaft-vom-horensagen-14-09-2024-kampnagel-hamburg\/\",\"url\":\"https:\/\/www.antjepfundtner.de\/en\/tischgesellschaft-vom-horensagen-14-09-2024-kampnagel-hamburg\/\",\"name\":\"Tischgesellschaft \\\"Vom H\u00f6rensagen\\\", 14.09.2024, Kampnagel Hamburg | Antje Pfundtner in Gesellschaft\",\"isPartOf\":{\"@id\":\"https:\/\/www.antjepfundtner.de\/#website\"},\"datePublished\":\"2024-06-22T16:37:14+00:00\",\"dateModified\":\"2024-08-29T11:14:40+00:00\",\"breadcrumb\":{\"@id\":\"https:\/\/www.antjepfundtner.de\/en\/tischgesellschaft-vom-horensagen-14-09-2024-kampnagel-hamburg\/#breadcrumb\"},\"inLanguage\":\"en-US\",\"potentialAction\":[{\"@type\":\"ReadAction\",\"target\":[\"https:\/\/www.antjepfundtner.de\/en\/tischgesellschaft-vom-horensagen-14-09-2024-kampnagel-hamburg\/\"]}]},{\"@type\":\"BreadcrumbList\",\"@id\":\"https:\/\/www.antjepfundtner.de\/en\/tischgesellschaft-vom-horensagen-14-09-2024-kampnagel-hamburg\/#breadcrumb\",\"itemListElement\":[{\"@type\":\"ListItem\",\"position\":1,\"name\":\"Startseite\",\"item\":\"https:\/\/www.antjepfundtner.de\/en\/\"},{\"@type\":\"ListItem\",\"position\":2,\"name\":\"Tischgesellschaft &#8222;Vom H\u00f6rensagen&#8220;, 14.09.2024, Kampnagel Hamburg\"}]},{\"@type\":\"WebSite\",\"@id\":\"https:\/\/www.antjepfundtner.de\/#website\",\"url\":\"https:\/\/www.antjepfundtner.de\/\",\"name\":\"Antje Pfundtner in Gesellschaft\",\"description\":\"APiG produziert B\u00fchnenst\u00fccke und initiiert kollaborative R\u00e4ume\",\"publisher\":{\"@id\":\"https:\/\/www.antjepfundtner.de\/#organization\"},\"potentialAction\":[{\"@type\":\"SearchAction\",\"target\":{\"@type\":\"EntryPoint\",\"urlTemplate\":\"https:\/\/www.antjepfundtner.de\/?s={search_term_string}\"},\"query-input\":\"required name=search_term_string\"}],\"inLanguage\":\"en-US\"},{\"@type\":\"Organization\",\"@id\":\"https:\/\/www.antjepfundtner.de\/#organization\",\"name\":\"Antje Pfundtner in Gesellschaft\",\"url\":\"https:\/\/www.antjepfundtner.de\/\",\"logo\":{\"@type\":\"ImageObject\",\"inLanguage\":\"en-US\",\"@id\":\"https:\/\/www.antjepfundtner.de\/#\/schema\/logo\/image\/\",\"url\":\"https:\/\/www.antjepfundtner.de\/wp-content\/uploads\/2019\/11\/apig_logo.png\",\"contentUrl\":\"https:\/\/www.antjepfundtner.de\/wp-content\/uploads\/2019\/11\/apig_logo.png\",\"width\":600,\"height\":156,\"caption\":\"Antje Pfundtner in Gesellschaft\"},\"image\":{\"@id\":\"https:\/\/www.antjepfundtner.de\/#\/schema\/logo\/image\/\"},\"sameAs\":[\"https:\/\/de-de.facebook.com\/antje.pfundtner\"]},{\"@type\":\"Person\",\"@id\":\"https:\/\/www.antjepfundtner.de\/#\/schema\/person\/a2ce2cb0c0b995cd88833669f45a641d\",\"name\":\"Hannah Melder\",\"image\":{\"@type\":\"ImageObject\",\"inLanguage\":\"en-US\",\"@id\":\"https:\/\/www.antjepfundtner.de\/#\/schema\/person\/image\/\",\"url\":\"https:\/\/secure.gravatar.com\/avatar\/8497628cb970d5d855b5877ab93db916?s=96&d=mm&r=g\",\"contentUrl\":\"https:\/\/secure.gravatar.com\/avatar\/8497628cb970d5d855b5877ab93db916?s=96&d=mm&r=g\",\"caption\":\"Hannah Melder\"}}]}<\/script>\n<!-- \/ Yoast SEO plugin. -->","yoast_head_json":{"title":"Tischgesellschaft \"Vom H\u00f6rensagen\", 14.09.2024, Kampnagel Hamburg | Antje Pfundtner in Gesellschaft","robots":{"index":"index","follow":"follow","max-snippet":"max-snippet:-1","max-image-preview":"max-image-preview:large","max-video-preview":"max-video-preview:-1"},"canonical":"https:\/\/www.antjepfundtner.de\/en\/tischgesellschaft-vom-horensagen-14-09-2024-kampnagel-hamburg\/","og_locale":"en_US","og_type":"article","og_title":"Tischgesellschaft \"Vom H\u00f6rensagen\", 14.09.2024, Kampnagel Hamburg | Antje Pfundtner in Gesellschaft","og_description":"Under the label &#8220;Tischgesellschaften&#8221;, Antje Pfundtner and Anne Kersting founded an artistic gathering initiative in 2018 to share ideas, knowledge and resources and invited both artists and audiences across Germany to discuss the increasingly urgent question that affects far more than just art: How do we share ideas, money and stage? Since then, the Tischgesellschaften [&hellip;]","og_url":"https:\/\/www.antjepfundtner.de\/en\/tischgesellschaft-vom-horensagen-14-09-2024-kampnagel-hamburg\/","og_site_name":"Antje Pfundtner in Gesellschaft","article_publisher":"https:\/\/de-de.facebook.com\/antje.pfundtner","article_published_time":"2024-06-22T16:37:14+00:00","article_modified_time":"2024-08-29T11:14:40+00:00","og_image":[{"url":"https:\/\/www.antjepfundtner.de\/wp-content\/uploads\/2020\/01\/kampnagel-logo-wp-1.jpg"}],"author":"Hannah Melder","twitter_card":"summary_large_image","twitter_misc":{"Written by":"Hannah Melder","Est. reading time":"5 minutes"},"schema":{"@context":"https:\/\/schema.org","@graph":[{"@type":"Article","@id":"https:\/\/www.antjepfundtner.de\/en\/tischgesellschaft-vom-horensagen-14-09-2024-kampnagel-hamburg\/#article","isPartOf":{"@id":"https:\/\/www.antjepfundtner.de\/en\/tischgesellschaft-vom-horensagen-14-09-2024-kampnagel-hamburg\/"},"author":{"name":"Hannah Melder","@id":"https:\/\/www.antjepfundtner.de\/#\/schema\/person\/a2ce2cb0c0b995cd88833669f45a641d"},"headline":"Tischgesellschaft &#8220;Vom H\u00f6rensagen&#8221;, 14.09.2024, Kampnagel Hamburg","datePublished":"2024-06-22T16:37:14+00:00","dateModified":"2024-08-29T11:14:40+00:00","mainEntityOfPage":{"@id":"https:\/\/www.antjepfundtner.de\/en\/tischgesellschaft-vom-horensagen-14-09-2024-kampnagel-hamburg\/"},"wordCount":635,"publisher":{"@id":"https:\/\/www.antjepfundtner.de\/#organization"},"articleSection":["Exchange \/ Discourse","What&#039;s up?"],"inLanguage":"en-US"},{"@type":"WebPage","@id":"https:\/\/www.antjepfundtner.de\/en\/tischgesellschaft-vom-horensagen-14-09-2024-kampnagel-hamburg\/","url":"https:\/\/www.antjepfundtner.de\/en\/tischgesellschaft-vom-horensagen-14-09-2024-kampnagel-hamburg\/","name":"Tischgesellschaft \"Vom H\u00f6rensagen\", 14.09.2024, Kampnagel Hamburg | Antje Pfundtner in Gesellschaft","isPartOf":{"@id":"https:\/\/www.antjepfundtner.de\/#website"},"datePublished":"2024-06-22T16:37:14+00:00","dateModified":"2024-08-29T11:14:40+00:00","breadcrumb":{"@id":"https:\/\/www.antjepfundtner.de\/en\/tischgesellschaft-vom-horensagen-14-09-2024-kampnagel-hamburg\/#breadcrumb"},"inLanguage":"en-US","potentialAction":[{"@type":"ReadAction","target":["https:\/\/www.antjepfundtner.de\/en\/tischgesellschaft-vom-horensagen-14-09-2024-kampnagel-hamburg\/"]}]},{"@type":"BreadcrumbList","@id":"https:\/\/www.antjepfundtner.de\/en\/tischgesellschaft-vom-horensagen-14-09-2024-kampnagel-hamburg\/#breadcrumb","itemListElement":[{"@type":"ListItem","position":1,"name":"Startseite","item":"https:\/\/www.antjepfundtner.de\/en\/"},{"@type":"ListItem","position":2,"name":"Tischgesellschaft &#8222;Vom H\u00f6rensagen&#8220;, 14.09.2024, Kampnagel Hamburg"}]},{"@type":"WebSite","@id":"https:\/\/www.antjepfundtner.de\/#website","url":"https:\/\/www.antjepfundtner.de\/","name":"Antje Pfundtner in Gesellschaft","description":"APiG produziert B\u00fchnenst\u00fccke und initiiert kollaborative R\u00e4ume","publisher":{"@id":"https:\/\/www.antjepfundtner.de\/#organization"},"potentialAction":[{"@type":"SearchAction","target":{"@type":"EntryPoint","urlTemplate":"https:\/\/www.antjepfundtner.de\/?s={search_term_string}"},"query-input":"required name=search_term_string"}],"inLanguage":"en-US"},{"@type":"Organization","@id":"https:\/\/www.antjepfundtner.de\/#organization","name":"Antje Pfundtner in Gesellschaft","url":"https:\/\/www.antjepfundtner.de\/","logo":{"@type":"ImageObject","inLanguage":"en-US","@id":"https:\/\/www.antjepfundtner.de\/#\/schema\/logo\/image\/","url":"https:\/\/www.antjepfundtner.de\/wp-content\/uploads\/2019\/11\/apig_logo.png","contentUrl":"https:\/\/www.antjepfundtner.de\/wp-content\/uploads\/2019\/11\/apig_logo.png","width":600,"height":156,"caption":"Antje Pfundtner in Gesellschaft"},"image":{"@id":"https:\/\/www.antjepfundtner.de\/#\/schema\/logo\/image\/"},"sameAs":["https:\/\/de-de.facebook.com\/antje.pfundtner"]},{"@type":"Person","@id":"https:\/\/www.antjepfundtner.de\/#\/schema\/person\/a2ce2cb0c0b995cd88833669f45a641d","name":"Hannah Melder","image":{"@type":"ImageObject","inLanguage":"en-US","@id":"https:\/\/www.antjepfundtner.de\/#\/schema\/person\/image\/","url":"https:\/\/secure.gravatar.com\/avatar\/8497628cb970d5d855b5877ab93db916?s=96&d=mm&r=g","contentUrl":"https:\/\/secure.gravatar.com\/avatar\/8497628cb970d5d855b5877ab93db916?s=96&d=mm&r=g","caption":"Hannah Melder"}}]}},"_links":{"self":[{"href":"https:\/\/www.antjepfundtner.de\/en\/wp-json\/wp\/v2\/posts\/6661"}],"collection":[{"href":"https:\/\/www.antjepfundtner.de\/en\/wp-json\/wp\/v2\/posts"}],"about":[{"href":"https:\/\/www.antjepfundtner.de\/en\/wp-json\/wp\/v2\/types\/post"}],"author":[{"embeddable":true,"href":"https:\/\/www.antjepfundtner.de\/en\/wp-json\/wp\/v2\/users\/2"}],"replies":[{"embeddable":true,"href":"https:\/\/www.antjepfundtner.de\/en\/wp-json\/wp\/v2\/comments?post=6661"}],"version-history":[{"count":13,"href":"https:\/\/www.antjepfundtner.de\/en\/wp-json\/wp\/v2\/posts\/6661\/revisions"}],"predecessor-version":[{"id":6689,"href":"https:\/\/www.antjepfundtner.de\/en\/wp-json\/wp\/v2\/posts\/6661\/revisions\/6689"}],"wp:attachment":[{"href":"https:\/\/www.antjepfundtner.de\/en\/wp-json\/wp\/v2\/media?parent=6661"}],"wp:term":[{"taxonomy":"category","embeddable":true,"href":"https:\/\/www.antjepfundtner.de\/en\/wp-json\/wp\/v2\/categories?post=6661"},{"taxonomy":"post_tag","embeddable":true,"href":"https:\/\/www.antjepfundtner.de\/en\/wp-json\/wp\/v2\/tags?post=6661"}],"curies":[{"name":"wp","href":"https:\/\/api.w.org\/{rel}","templated":true}]}}